{"id":1718,"date":"2020-03-03T11:28:26","date_gmt":"2020-03-03T10:28:26","guid":{"rendered":"https:\/\/www.nordsoft.fr\/?p=1718"},"modified":"2021-09-07T14:51:50","modified_gmt":"2021-09-07T12:51:50","slug":"jean-michel-chef-de-projet-et-directeur-adjoint-de-la-division-informatique-nordsoft","status":"publish","type":"post","link":"https:\/\/www.nordsoft.fr\/en\/jean-michel-chef-de-projet-et-directeur-adjoint-de-la-division-informatique-nordsoft\/","title":{"rendered":"Jean-Michel, Chef de projet et Directeur Adjoint de la division informatique &#8211; Nordsoft"},"content":{"rendered":"<h3><strong>Parle-nous de ton m\u00e9tier\u00a0<\/strong><\/h3>\r\n\r\n\r\n\r\n<p><strong>Mon m\u00e9tier est assez vaste\u00a0:\u00a0<\/strong>i'm involved in <strong>design<\/strong>, le <strong>development in publishing<\/strong> as well as <strong>chefferie de projet<\/strong> et la <strong>relation client<\/strong>.<\/p>\r\n\r\n\r\n\r\n<p>Il s\u2019agit de mettre en place des <strong>outils sur-mesure<\/strong> permettant \u00e0 des auteurs ou des contributeurs de r\u00e9diger, diffuser et publier des contenus. Je pilote un ensemble de produits automatis\u00e9s permettant de g\u00e9n\u00e9rer la mise en page et de diffuser des flux num\u00e9riques.<\/p>\r\n\r\n\r\n\r\n<p>Aujourd\u2019hui, je g\u00e8re essentiellement des plateformes \u00e9ditoriales pour des guides touristiques. Mon travail consiste \u00e0 <strong>d\u00e9velopper et mettre en place des outils<\/strong> permettant d\u2019ajouter des contenus par rapport aux POI (Point Of Interest\u00a0: restaurants, h\u00f4tels, lieux de visite), de <strong>r\u00e9diger des contenus \u00e9ditoriaux<\/strong>, de <strong>g\u00e9rer<\/strong> et de <strong>r\u00e9f\u00e9rencer des m\u00e9dias<\/strong> (image, vid\u00e9o, son). On met en place des Workflows qui permettent de savoir \u00e0 tout moment o\u00f9 en est l\u2019\u00e9laboration du contenu et donc du guide.<\/p>\r\n\r\n\r\n\r\n<p>On travaille \u00e9galement deux types de traitement de robot PAO pur. L\u2019un qui peut \u00eatre d\u00e9clench\u00e9 \u00e0 la main et un autre que l\u2019on appelle \u00ab\u00a0robot en web service\u00a0\u00bb. C\u2019est un serveur chez le client ou en interne qui au travers de protocoles mis en place, d\u00e9clenche des mises en page en automatique.<\/p>\r\n<p>&nbsp;<\/p>\r\n<p>\r\n\r\n<\/p>\r\n<h3><strong>Qu\u2019est-ce qui te pla\u00eet dans ce que tu fais?<\/strong><\/h3>\r\n<p>\r\n\r\n<\/p>\r\n<p>Ce qui me plait, c\u2019est que mon travail n\u2019est pas r\u00e9p\u00e9titif. Pour chaque client et pour chaque demande, il est n\u00e9cessaire de <strong>se remettre en question<\/strong>, de <strong>trouver une nouvelle solution technique<\/strong>.<\/p>\r\n<p>&nbsp;<\/p>\r\n<p>\r\n\r\n<\/p>\r\n<h3><strong>\u00c0 quoi ressemble une journ\u00e9e de travail type et sur quels projets travailles-tu en ce moment ?<\/strong><\/h3>\r\n<p>\r\n\r\n<\/p>\r\n<p>Je jongle entre quelques r\u00e9unions d\u2019organisation, j\u2019\u00e9tudie aussi les nouveaux projets ou les demandes d\u2019\u00e9volutions. Et de temps en temps j\u2019ai des rendez-vous client donc des d\u00e9placements. S\u2019il y a des modules que je d\u00e9veloppe moi-m\u00eame, des retours ou des \u00e9volutions \u00e0 faire, je m\u2019en charge dans la journ\u00e9e \u00e0 diff\u00e9rents moments.<\/p>\r\n<p><strong>Les journ\u00e9es ne se ressemblent pas<\/strong> car il y a des urgences qui peuvent arriver. J\u2019essaye de me laisser du temps dans la semaine pour absorber certaines choses qui peuvent tomber. On n\u2019est jamais \u00e0 l\u2019abri d\u2019un bug par exemple.<\/p>\r\n<p>\r\n\r\n<\/p>\r\n<p>En ce moment, je travaille sur une plateforme \u00e9ditoriale, une assembleuse et un robot de mise en pages, en m\u00eame temps.<\/p>\r\n<p>\r\n\r\n<\/p>\r\n<h3><strong>Qu\u2019est-ce qui t\u2019as rendu le plus fier chez Nord Compo ?<\/strong><\/h3>\r\n<p>\r\n\r\n<\/p>\r\n<p>L\u2019invention de ma premi\u00e8re plateforme \u00e9ditoriale pour un de nos clients avec qui nous travaillons encore aujourd\u2019hui. C\u2019est le point d\u2019entr\u00e9e qui nous a permis d\u2019obtenir toutes les autres plateformes.<\/p>\r\n<p>\r\n\r\n<\/p>\r\n<h3><strong>Finalement, d\u00e9cris-nous ton r\u00f4le en 3 mots chez Nord Compo ?<\/strong><\/h3>\r\n<p>\r\n\r\n<\/p>\r\n<p>Les trois mots qui me d\u00e9crivent sont\u00a0: <strong>Imaginer<\/strong>, <strong>absorber<\/strong>, <strong>d\u00e9velopper<\/strong>.<\/p>\r\n<p>\r\n\r\n<\/p>\r\n<h3>\u00a0<\/h3>\r\n<h3><strong>Quel est le Monsieur \/Madame qui d\u00e9crit le mieux ta personnalit\u00e9 au boulot ?<\/strong><\/h3>\r\n<p>\r\n\r\n<\/p>\r\n<p>Je ne les connais pas tous, mais si on peut inventer, <strong>Monsieur autonome et cr\u00e9atif<\/strong>.<\/p>\r\n<p>\r\n\r\n<\/p>\r\n<h3><strong>Ton langage favori ?<\/strong><\/h3>\r\n<p>\r\n\r\n<\/p>\r\n<p>C\u2019est le PHP. Je trouve ce langage tr\u00e8s ouvert, il y a une tr\u00e8s grosse communaut\u00e9 derri\u00e8re et il est facile d\u2019acc\u00e8s.<\/p>\r\n<p>&nbsp;<\/p>\r\n<p>\r\n\r\n<\/p>\r\n<h3><strong>Si tu pouvais \u00e9changer ton poste avec quelqu\u2019un, qui serait cette personne ?<\/strong><\/h3>\r\n<p>\r\n\r\n<\/p>\r\n<p>Mon poste me convient tel qu\u2019il est, donc \u00e7a ne serait pas un \u00e9change mais un m\u00e9lange de poste avec une approche commerciale plus importante<strong>.<\/strong><\/p>\r\n<p>&nbsp;<\/p>\r\n<p>\r\n\r\n<\/p>\r\n<h3><strong>Quel conseil \u00e0 une future recrue ? Pourquoi rejoindre l\u2019\u00e9quipe IT de NC ?<\/strong><\/h3>\r\n<p>\r\n\r\n<\/p>\r\n<p><strong>Rester soi-m\u00eame<\/strong>, \u00eatre <strong>curieux<\/strong>, <strong>d\u00e9brouillard<\/strong>, un peu <strong>autodidacte<\/strong>, et <strong>dynamique\u00a0<\/strong>!<\/p>\r\n<p>\r\n\r\n<\/p>\r\n<h3 class=\"wp-block-heading\">\u00a0<\/h3>\r\n<p>\r\n\r\n<\/p>\r\n<p>&nbsp;<\/p>\r\n<p><\/p>","protected":false},"excerpt":{"rendered":"<p>Parle-nous de ton m\u00e9tier\u00a0 Mon m\u00e9tier est assez vaste\u00a0:\u00a0il comprend tout ce qui concerne la conception, le d\u00e9veloppement informatique dans l\u2019\u00e9dition ainsi que la chefferie de projet et la relation client. Il s\u2019agit de mettre en place des outils sur-mesure permettant \u00e0 des auteurs ou des contributeurs de r\u00e9diger, diffuser et publier des contenus. Je [&hellip;]<\/p>\n","protected":false},"author":2,"featured_media":1714,"comment_status":"closed","ping_status":"open","sticky":false,"template":"","format":"standard","meta":{"footnotes":""},"categories":[59],"tags":[],"class_list":["post-1718","post","type-post","status-publish","format-standard","has-post-thumbnail","hentry","category-francais"],"yoast_head":"<!-- This site is optimized with the Yoast SEO plugin v27.2 - https:\/\/yoast.com\/product\/yoast-seo-wordpress\/ -->\n<title>Jean-Michel, Chef de projet et Directeur Adjoint de la division informatique - Nordsoft - Nordsoft<\/title>\n<meta name=\"robots\" content=\"index, follow, max-snippet:-1, max-image-preview:large, max-video-preview:-1\" \/>\n<link rel=\"canonical\" href=\"https:\/\/www.nordsoft.fr\/en\/jean-michel-chef-de-projet-et-directeur-adjoint-de-la-division-informatique-nordsoft\/\" \/>\n<meta property=\"og:locale\" content=\"en_GB\" \/>\n<meta property=\"og:type\" content=\"article\" \/>\n<meta property=\"og:title\" content=\"Jean-Michel, Chef de projet et Directeur Adjoint de la division informatique - Nordsoft - Nordsoft\" \/>\n<meta property=\"og:description\" content=\"Parle-nous de ton m\u00e9tier\u00a0 Mon m\u00e9tier est assez vaste\u00a0:\u00a0il comprend tout ce qui concerne la conception, le d\u00e9veloppement informatique dans l\u2019\u00e9dition ainsi que la chefferie de projet et la relation client. Il s\u2019agit de mettre en place des outils sur-mesure permettant \u00e0 des auteurs ou des contributeurs de r\u00e9diger, diffuser et publier des contenus. Je [&hellip;]\" \/>\n<meta property=\"og:url\" content=\"https:\/\/www.nordsoft.fr\/en\/jean-michel-chef-de-projet-et-directeur-adjoint-de-la-division-informatique-nordsoft\/\" \/>\n<meta property=\"og:site_name\" content=\"Nordsoft\" \/>\n<meta property=\"article:published_time\" content=\"2020-03-03T10:28:26+00:00\" \/>\n<meta property=\"article:modified_time\" content=\"2021-09-07T12:51:50+00:00\" \/>\n<meta property=\"og:image\" content=\"https:\/\/www.nordsoft.fr\/wp-content\/uploads\/2020\/03\/jeanmichel.jpeg\" \/>\n\t<meta property=\"og:image:width\" content=\"704\" \/>\n\t<meta property=\"og:image:height\" content=\"349\" \/>\n\t<meta property=\"og:image:type\" content=\"image\/jpeg\" \/>\n<meta name=\"author\" content=\"webmaster\" \/>\n<meta name=\"twitter:card\" content=\"summary_large_image\" \/>\n<meta name=\"twitter:label1\" content=\"Written by\" \/>\n\t<meta name=\"twitter:data1\" content=\"webmaster\" \/>\n\t<meta name=\"twitter:label2\" content=\"Estimated reading time\" \/>\n\t<meta name=\"twitter:data2\" content=\"3 minutes\" \/>\n<script type=\"application\/ld+json\" class=\"yoast-schema-graph\">{\"@context\":\"https:\/\/schema.org\",\"@graph\":[{\"@type\":\"Article\",\"@id\":\"https:\/\/www.nordsoft.fr\/jean-michel-chef-de-projet-et-directeur-adjoint-de-la-division-informatique-nordsoft\/#article\",\"isPartOf\":{\"@id\":\"https:\/\/www.nordsoft.fr\/jean-michel-chef-de-projet-et-directeur-adjoint-de-la-division-informatique-nordsoft\/\"},\"author\":{\"name\":\"webmaster\",\"@id\":\"https:\/\/www.nordsoft.fr\/#\/schema\/person\/f18876615095353b0271516581220f20\"},\"headline\":\"Jean-Michel, Chef de projet et Directeur Adjoint de la division informatique &#8211; Nordsoft\",\"datePublished\":\"2020-03-03T10:28:26+00:00\",\"dateModified\":\"2021-09-07T12:51:50+00:00\",\"mainEntityOfPage\":{\"@id\":\"https:\/\/www.nordsoft.fr\/jean-michel-chef-de-projet-et-directeur-adjoint-de-la-division-informatique-nordsoft\/\"},\"wordCount\":634,\"publisher\":{\"@id\":\"https:\/\/www.nordsoft.fr\/#organization\"},\"image\":{\"@id\":\"https:\/\/www.nordsoft.fr\/jean-michel-chef-de-projet-et-directeur-adjoint-de-la-division-informatique-nordsoft\/#primaryimage\"},\"thumbnailUrl\":\"https:\/\/www.nordsoft.fr\/wp-content\/uploads\/2020\/03\/jeanmichel.jpeg\",\"articleSection\":[\"Fran\u00e7ais\"],\"inLanguage\":\"en-GB\"},{\"@type\":\"WebPage\",\"@id\":\"https:\/\/www.nordsoft.fr\/jean-michel-chef-de-projet-et-directeur-adjoint-de-la-division-informatique-nordsoft\/\",\"url\":\"https:\/\/www.nordsoft.fr\/jean-michel-chef-de-projet-et-directeur-adjoint-de-la-division-informatique-nordsoft\/\",\"name\":\"Jean-Michel, Chef de projet et Directeur Adjoint de la division informatique - Nordsoft - Nordsoft\",\"isPartOf\":{\"@id\":\"https:\/\/www.nordsoft.fr\/#website\"},\"primaryImageOfPage\":{\"@id\":\"https:\/\/www.nordsoft.fr\/jean-michel-chef-de-projet-et-directeur-adjoint-de-la-division-informatique-nordsoft\/#primaryimage\"},\"image\":{\"@id\":\"https:\/\/www.nordsoft.fr\/jean-michel-chef-de-projet-et-directeur-adjoint-de-la-division-informatique-nordsoft\/#primaryimage\"},\"thumbnailUrl\":\"https:\/\/www.nordsoft.fr\/wp-content\/uploads\/2020\/03\/jeanmichel.jpeg\",\"datePublished\":\"2020-03-03T10:28:26+00:00\",\"dateModified\":\"2021-09-07T12:51:50+00:00\",\"breadcrumb\":{\"@id\":\"https:\/\/www.nordsoft.fr\/jean-michel-chef-de-projet-et-directeur-adjoint-de-la-division-informatique-nordsoft\/#breadcrumb\"},\"inLanguage\":\"en-GB\",\"potentialAction\":[{\"@type\":\"ReadAction\",\"target\":[\"https:\/\/www.nordsoft.fr\/jean-michel-chef-de-projet-et-directeur-adjoint-de-la-division-informatique-nordsoft\/\"]}]},{\"@type\":\"ImageObject\",\"inLanguage\":\"en-GB\",\"@id\":\"https:\/\/www.nordsoft.fr\/jean-michel-chef-de-projet-et-directeur-adjoint-de-la-division-informatique-nordsoft\/#primaryimage\",\"url\":\"https:\/\/www.nordsoft.fr\/wp-content\/uploads\/2020\/03\/jeanmichel.jpeg\",\"contentUrl\":\"https:\/\/www.nordsoft.fr\/wp-content\/uploads\/2020\/03\/jeanmichel.jpeg\",\"width\":704,\"height\":349},{\"@type\":\"BreadcrumbList\",\"@id\":\"https:\/\/www.nordsoft.fr\/jean-michel-chef-de-projet-et-directeur-adjoint-de-la-division-informatique-nordsoft\/#breadcrumb\",\"itemListElement\":[{\"@type\":\"ListItem\",\"position\":1,\"name\":\"Home\",\"item\":\"https:\/\/www.nordsoft.fr\/\"},{\"@type\":\"ListItem\",\"position\":2,\"name\":\"Jean-Michel, Chef de projet et Directeur Adjoint de la division informatique &#8211; Nordsoft\"}]},{\"@type\":\"WebSite\",\"@id\":\"https:\/\/www.nordsoft.fr\/#website\",\"url\":\"https:\/\/www.nordsoft.fr\/\",\"name\":\"Nordsoft\",\"description\":\"\",\"publisher\":{\"@id\":\"https:\/\/www.nordsoft.fr\/#organization\"},\"potentialAction\":[{\"@type\":\"SearchAction\",\"target\":{\"@type\":\"EntryPoint\",\"urlTemplate\":\"https:\/\/www.nordsoft.fr\/?s={search_term_string}\"},\"query-input\":{\"@type\":\"PropertyValueSpecification\",\"valueRequired\":true,\"valueName\":\"search_term_string\"}}],\"inLanguage\":\"en-GB\"},{\"@type\":\"Organization\",\"@id\":\"https:\/\/www.nordsoft.fr\/#organization\",\"name\":\"Nordsoft\",\"url\":\"https:\/\/www.nordsoft.fr\/\",\"logo\":{\"@type\":\"ImageObject\",\"inLanguage\":\"en-GB\",\"@id\":\"https:\/\/www.nordsoft.fr\/#\/schema\/logo\/image\/\",\"url\":\"https:\/\/www.nordsoft.fr\/wp-content\/uploads\/2020\/02\/cropped-nordsoft-logo.png\",\"contentUrl\":\"https:\/\/www.nordsoft.fr\/wp-content\/uploads\/2020\/02\/cropped-nordsoft-logo.png\",\"width\":1004,\"height\":250,\"caption\":\"Nordsoft\"},\"image\":{\"@id\":\"https:\/\/www.nordsoft.fr\/#\/schema\/logo\/image\/\"}},{\"@type\":\"Person\",\"@id\":\"https:\/\/www.nordsoft.fr\/#\/schema\/person\/f18876615095353b0271516581220f20\",\"name\":\"webmaster\",\"image\":{\"@type\":\"ImageObject\",\"inLanguage\":\"en-GB\",\"@id\":\"https:\/\/secure.gravatar.com\/avatar\/95ed7196069b157739e24190a013c364a379e72427945bf9d1b4ddf2d0897305?s=96&d=mm&r=g\",\"url\":\"https:\/\/secure.gravatar.com\/avatar\/95ed7196069b157739e24190a013c364a379e72427945bf9d1b4ddf2d0897305?s=96&d=mm&r=g\",\"contentUrl\":\"https:\/\/secure.gravatar.com\/avatar\/95ed7196069b157739e24190a013c364a379e72427945bf9d1b4ddf2d0897305?s=96&d=mm&r=g\",\"caption\":\"webmaster\"},\"url\":\"https:\/\/www.nordsoft.fr\/en\/author\/lbaillet\/\"}]}<\/script>\n<!-- \/ Yoast SEO plugin. -->","yoast_head_json":{"title":"Jean-Michel, Chef de projet et Directeur Adjoint de la division informatique - Nordsoft - Nordsoft","robots":{"index":"index","follow":"follow","max-snippet":"max-snippet:-1","max-image-preview":"max-image-preview:large","max-video-preview":"max-video-preview:-1"},"canonical":"https:\/\/www.nordsoft.fr\/en\/jean-michel-chef-de-projet-et-directeur-adjoint-de-la-division-informatique-nordsoft\/","og_locale":"en_GB","og_type":"article","og_title":"Jean-Michel, Chef de projet et Directeur Adjoint de la division informatique - Nordsoft - Nordsoft","og_description":"Parle-nous de ton m\u00e9tier\u00a0 Mon m\u00e9tier est assez vaste\u00a0:\u00a0il comprend tout ce qui concerne la conception, le d\u00e9veloppement informatique dans l\u2019\u00e9dition ainsi que la chefferie de projet et la relation client. Il s\u2019agit de mettre en place des outils sur-mesure permettant \u00e0 des auteurs ou des contributeurs de r\u00e9diger, diffuser et publier des contenus. Je [&hellip;]","og_url":"https:\/\/www.nordsoft.fr\/en\/jean-michel-chef-de-projet-et-directeur-adjoint-de-la-division-informatique-nordsoft\/","og_site_name":"Nordsoft","article_published_time":"2020-03-03T10:28:26+00:00","article_modified_time":"2021-09-07T12:51:50+00:00","og_image":[{"width":704,"height":349,"url":"https:\/\/www.nordsoft.fr\/wp-content\/uploads\/2020\/03\/jeanmichel.jpeg","type":"image\/jpeg"}],"author":"webmaster","twitter_card":"summary_large_image","twitter_misc":{"Written by":"webmaster","Estimated reading time":"3 minutes"},"schema":{"@context":"https:\/\/schema.org","@graph":[{"@type":"Article","@id":"https:\/\/www.nordsoft.fr\/jean-michel-chef-de-projet-et-directeur-adjoint-de-la-division-informatique-nordsoft\/#article","isPartOf":{"@id":"https:\/\/www.nordsoft.fr\/jean-michel-chef-de-projet-et-directeur-adjoint-de-la-division-informatique-nordsoft\/"},"author":{"name":"webmaster","@id":"https:\/\/www.nordsoft.fr\/#\/schema\/person\/f18876615095353b0271516581220f20"},"headline":"Jean-Michel, Chef de projet et Directeur Adjoint de la division informatique &#8211; Nordsoft","datePublished":"2020-03-03T10:28:26+00:00","dateModified":"2021-09-07T12:51:50+00:00","mainEntityOfPage":{"@id":"https:\/\/www.nordsoft.fr\/jean-michel-chef-de-projet-et-directeur-adjoint-de-la-division-informatique-nordsoft\/"},"wordCount":634,"publisher":{"@id":"https:\/\/www.nordsoft.fr\/#organization"},"image":{"@id":"https:\/\/www.nordsoft.fr\/jean-michel-chef-de-projet-et-directeur-adjoint-de-la-division-informatique-nordsoft\/#primaryimage"},"thumbnailUrl":"https:\/\/www.nordsoft.fr\/wp-content\/uploads\/2020\/03\/jeanmichel.jpeg","articleSection":["Fran\u00e7ais"],"inLanguage":"en-GB"},{"@type":"WebPage","@id":"https:\/\/www.nordsoft.fr\/jean-michel-chef-de-projet-et-directeur-adjoint-de-la-division-informatique-nordsoft\/","url":"https:\/\/www.nordsoft.fr\/jean-michel-chef-de-projet-et-directeur-adjoint-de-la-division-informatique-nordsoft\/","name":"Jean-Michel, Chef de projet et Directeur Adjoint de la division informatique - Nordsoft - Nordsoft","isPartOf":{"@id":"https:\/\/www.nordsoft.fr\/#website"},"primaryImageOfPage":{"@id":"https:\/\/www.nordsoft.fr\/jean-michel-chef-de-projet-et-directeur-adjoint-de-la-division-informatique-nordsoft\/#primaryimage"},"image":{"@id":"https:\/\/www.nordsoft.fr\/jean-michel-chef-de-projet-et-directeur-adjoint-de-la-division-informatique-nordsoft\/#primaryimage"},"thumbnailUrl":"https:\/\/www.nordsoft.fr\/wp-content\/uploads\/2020\/03\/jeanmichel.jpeg","datePublished":"2020-03-03T10:28:26+00:00","dateModified":"2021-09-07T12:51:50+00:00","breadcrumb":{"@id":"https:\/\/www.nordsoft.fr\/jean-michel-chef-de-projet-et-directeur-adjoint-de-la-division-informatique-nordsoft\/#breadcrumb"},"inLanguage":"en-GB","potentialAction":[{"@type":"ReadAction","target":["https:\/\/www.nordsoft.fr\/jean-michel-chef-de-projet-et-directeur-adjoint-de-la-division-informatique-nordsoft\/"]}]},{"@type":"ImageObject","inLanguage":"en-GB","@id":"https:\/\/www.nordsoft.fr\/jean-michel-chef-de-projet-et-directeur-adjoint-de-la-division-informatique-nordsoft\/#primaryimage","url":"https:\/\/www.nordsoft.fr\/wp-content\/uploads\/2020\/03\/jeanmichel.jpeg","contentUrl":"https:\/\/www.nordsoft.fr\/wp-content\/uploads\/2020\/03\/jeanmichel.jpeg","width":704,"height":349},{"@type":"BreadcrumbList","@id":"https:\/\/www.nordsoft.fr\/jean-michel-chef-de-projet-et-directeur-adjoint-de-la-division-informatique-nordsoft\/#breadcrumb","itemListElement":[{"@type":"ListItem","position":1,"name":"Home","item":"https:\/\/www.nordsoft.fr\/"},{"@type":"ListItem","position":2,"name":"Jean-Michel, Chef de projet et Directeur Adjoint de la division informatique &#8211; Nordsoft"}]},{"@type":"WebSite","@id":"https:\/\/www.nordsoft.fr\/#website","url":"https:\/\/www.nordsoft.fr\/","name":"Nordsoft","description":"","publisher":{"@id":"https:\/\/www.nordsoft.fr\/#organization"},"potentialAction":[{"@type":"SearchAction","target":{"@type":"EntryPoint","urlTemplate":"https:\/\/www.nordsoft.fr\/?s={search_term_string}"},"query-input":{"@type":"PropertyValueSpecification","valueRequired":true,"valueName":"search_term_string"}}],"inLanguage":"en-GB"},{"@type":"Organization","@id":"https:\/\/www.nordsoft.fr\/#organization","name":"Nordsoft","url":"https:\/\/www.nordsoft.fr\/","logo":{"@type":"ImageObject","inLanguage":"en-GB","@id":"https:\/\/www.nordsoft.fr\/#\/schema\/logo\/image\/","url":"https:\/\/www.nordsoft.fr\/wp-content\/uploads\/2020\/02\/cropped-nordsoft-logo.png","contentUrl":"https:\/\/www.nordsoft.fr\/wp-content\/uploads\/2020\/02\/cropped-nordsoft-logo.png","width":1004,"height":250,"caption":"Nordsoft"},"image":{"@id":"https:\/\/www.nordsoft.fr\/#\/schema\/logo\/image\/"}},{"@type":"Person","@id":"https:\/\/www.nordsoft.fr\/#\/schema\/person\/f18876615095353b0271516581220f20","name":"webmaster","image":{"@type":"ImageObject","inLanguage":"en-GB","@id":"https:\/\/secure.gravatar.com\/avatar\/95ed7196069b157739e24190a013c364a379e72427945bf9d1b4ddf2d0897305?s=96&d=mm&r=g","url":"https:\/\/secure.gravatar.com\/avatar\/95ed7196069b157739e24190a013c364a379e72427945bf9d1b4ddf2d0897305?s=96&d=mm&r=g","contentUrl":"https:\/\/secure.gravatar.com\/avatar\/95ed7196069b157739e24190a013c364a379e72427945bf9d1b4ddf2d0897305?s=96&d=mm&r=g","caption":"webmaster"},"url":"https:\/\/www.nordsoft.fr\/en\/author\/lbaillet\/"}]}},"_links":{"self":[{"href":"https:\/\/www.nordsoft.fr\/en\/wp-json\/wp\/v2\/posts\/1718","targetHints":{"allow":["GET"]}}],"collection":[{"href":"https:\/\/www.nordsoft.fr\/en\/wp-json\/wp\/v2\/posts"}],"about":[{"href":"https:\/\/www.nordsoft.fr\/en\/wp-json\/wp\/v2\/types\/post"}],"author":[{"embeddable":true,"href":"https:\/\/www.nordsoft.fr\/en\/wp-json\/wp\/v2\/users\/2"}],"replies":[{"embeddable":true,"href":"https:\/\/www.nordsoft.fr\/en\/wp-json\/wp\/v2\/comments?post=1718"}],"version-history":[{"count":9,"href":"https:\/\/www.nordsoft.fr\/en\/wp-json\/wp\/v2\/posts\/1718\/revisions"}],"predecessor-version":[{"id":2110,"href":"https:\/\/www.nordsoft.fr\/en\/wp-json\/wp\/v2\/posts\/1718\/revisions\/2110"}],"wp:featuredmedia":[{"embeddable":true,"href":"https:\/\/www.nordsoft.fr\/en\/wp-json\/wp\/v2\/media\/1714"}],"wp:attachment":[{"href":"https:\/\/www.nordsoft.fr\/en\/wp-json\/wp\/v2\/media?parent=1718"}],"wp:term":[{"taxonomy":"category","embeddable":true,"href":"https:\/\/www.nordsoft.fr\/en\/wp-json\/wp\/v2\/categories?post=1718"},{"taxonomy":"post_tag","embeddable":true,"href":"https:\/\/www.nordsoft.fr\/en\/wp-json\/wp\/v2\/tags?post=1718"}],"curies":[{"name":"wp","href":"https:\/\/api.w.org\/{rel}","templated":true}]}}